{"id":2931,"date":"2025-11-06T13:33:33","date_gmt":"2025-11-06T12:33:33","guid":{"rendered":"https:\/\/leyendoperros.es\/?p=2931"},"modified":"2025-11-17T13:39:04","modified_gmt":"2025-11-17T12:39:04","slug":"modificacion-de-conducta-canina-cuando-actuar-para-evitar-que-los-problemas-se-agraven","status":"publish","type":"post","link":"https:\/\/leyendoperros.es\/ca\/modificacio-de-conducta-canina-quan-actuar-per-evitar-que-els-problemes-sagreugin\/","title":{"rendered":"Modificaci\u00f3 de conducta canina: quan actuar per evitar que els problemes s&#039;agreugin"},"content":{"rendered":"<h2 data-start=\"309\" data-end=\"406\">Senyals primerencs, prevenci\u00f3 i l&#039;impacte d&#039;intervenir a temps al benestar del gos<\/h2>\n<p style=\"text-align: justify;\" data-start=\"408\" data-end=\"960\">Detectar una conducta inadequada en un gos pot resultar conf\u00fas, especialment quan el tutor no sap si all\u00f2 que observa \u00e9s una cosa passatgera, part del desenvolupament o un problema real que requereix intervenci\u00f3 professional. La <a href=\"https:\/\/leyendoperros.es\/ca\/ensinistrament-de-cadells-a-barcelona\/\"><strong data-start=\"633\" data-end=\"685\">modificaci\u00f3 de conducta canina a Viladecavalls<\/strong><\/a> \u00e9s una eina essencial per intervenir de manera respectuosa i efectiva quan un gos mostra comportaments que afecten el seu benestar emocional o la conviv\u00e8ncia a casa. Tot i aix\u00f2, un dels dubtes m\u00e9s freq\u00fcents \u00e9s: quan \u00e9s el moment adequat per actuar?<\/p>\n<p style=\"text-align: justify;\" data-start=\"962\" data-end=\"1412\">La realitat \u00e9s que com m\u00e9s aviat es detecten els senyals, millors resultats s&#039;obtenen. Com passa amb qualsevol proc\u00e9s d&#039;aprenentatge o gesti\u00f3 emocional, els problemes de conducta no solen desapar\u00e8ixer sols: al contrari, tendeixen a intensificar-se si no s&#039;aborden. Per aix\u00f2 \u00e9s fonamental aprendre a identificar signes primerencs i entendre que la prevenci\u00f3 \u00e9s la major aliada per garantir una vida equilibrada i saludable per al gos.<\/p>\n<p data-start=\"962\" data-end=\"1412\"><img fetchpriority=\"high\" decoding=\"async\" class=\"alignnone wp-image-2933 size-full\" src=\"https:\/\/leyendoperros.es\/wp-content\/uploads\/2025\/11\/Modificacion-de-conducta-canina-Viladecavalls-3.png\" alt=\"\" width=\"2000\" height=\"1414\" srcset=\"https:\/\/leyendoperros.es\/wp-content\/uploads\/2025\/11\/Modificacion-de-conducta-canina-Viladecavalls-3.png 2000w, https:\/\/leyendoperros.es\/wp-content\/uploads\/2025\/11\/Modificacion-de-conducta-canina-Viladecavalls-3-300x212.png 300w, https:\/\/leyendoperros.es\/wp-content\/uploads\/2025\/11\/Modificacion-de-conducta-canina-Viladecavalls-3-1024x724.png 1024w, https:\/\/leyendoperros.es\/wp-content\/uploads\/2025\/11\/Modificacion-de-conducta-canina-Viladecavalls-3-768x543.png 768w, https:\/\/leyendoperros.es\/wp-content\/uploads\/2025\/11\/Modificacion-de-conducta-canina-Viladecavalls-3-1536x1086.png 1536w, https:\/\/leyendoperros.es\/wp-content\/uploads\/2025\/11\/Modificacion-de-conducta-canina-Viladecavalls-3-18x12.png 18w\" sizes=\"(max-width: 2000px) 100vw, 2000px\" \/><\/p>\n<h2 style=\"text-align: justify;\" data-start=\"1419\" data-end=\"1531\">Senyals primerencs que indiquen que necessites iniciar la Modificaci\u00f3 de conducta canina<\/h2>\n<p style=\"text-align: justify;\" data-start=\"1533\" data-end=\"1865\">Els gossos es comuniquen constantment, encara que molts dels seus senyals passen desapercebuts per als seus tutors. La <strong data-start=\"1644\" data-end=\"1696\">modificaci\u00f3 de conducta canina <\/strong>no nom\u00e9s serveix per tractar problemes greus, sin\u00f3 que tamb\u00e9 \u00e9s una excel\u00b7lent eina per intervenir quan els primers senyals de malestar comencen a apar\u00e8ixer.<\/p>\n<p style=\"text-align: justify;\" data-start=\"1867\" data-end=\"2291\">Una de les alertes m\u00e9s comunes \u00e9s laugment de la reactivitat. Pot manifestar-se en forma de lladrucs intensos davant est\u00edmuls senzills, estrebades de corretja, grunyits ocasionals o tensi\u00f3 corporal constant durant les passejades. Tot i que moltes persones creuen que aquests comportaments s\u00f3n normals o propis de certes races, solen ser una resposta emocional a la manca de gesti\u00f3, inseguretat o acumulaci\u00f3 d&#039;estr\u00e8s.<\/p>\n<p style=\"text-align: justify;\" data-start=\"2293\" data-end=\"2672\">Un altre senyal freq\u00fcent \u00e9s evitar: el gos s&#039;amaga, es paralitza davant de certes situacions o intenta fugir. De vegades, aquesta evitaci\u00f3 \u00e9s tan lleu que passa desapercebuda, com apartar la mirada, llepar-se el musell repetidament o baixar la cua davant de determinats est\u00edmuls. Aquests senyals s\u00f3n indicadors clars que el gos experimenta ansietat o incomoditat.<\/p>\n<p style=\"text-align: justify;\" data-start=\"2674\" data-end=\"3158\">Tamb\u00e9 \u00e9s important observar el comportament dins de la llar. Canvis com destrucci\u00f3, llepat excessiu, inquietud a la nit, falta de gana o aferrament massa intens no s&#039;han de normalitzar. Tots aquests comportaments s\u00f3n expressions d&#039;emocions que el gos no pot regular per si mateix. Iniciar un proc\u00e9s de <strong data-start=\"3009\" data-end=\"3061\">modificaci\u00f3 de conducta canina a Viladecavalls<\/strong> en aquesta etapa primerenca evita que aquests h\u00e0bits es converteixin en patrons dif\u00edcils de canviar.<\/p>\n<p style=\"text-align: justify;\" data-start=\"3160\" data-end=\"3510\">Fins i tot en cadells, certs senyals primerencs mereixen atenci\u00f3: por persistent a altres gossos, reaccions exagerades davant de sorolls, dificultats per quedar-se sols o incapacitat per relaxar-se. Tot i que moltes persones esperen que creixi, intervenir durant l&#039;etapa primerenca del desenvolupament \u00e9s clau per evitar problemes cr\u00f2nics en el futur.<\/p>\n<h3 style=\"text-align: justify;\" data-start=\"3517\" data-end=\"3608\">Per qu\u00e8 no conv\u00e9 esperar: els riscos de deixar que els problemes es cronifiquin<\/h3>\n<p style=\"text-align: justify;\" data-start=\"3610\" data-end=\"4027\">Esperar que un problema de conducta es resolgui nom\u00e9s \u00e9s un dels errors m\u00e9s comuns entre tutors de gossos. Les conductes no desapareixen per si mateixes; al contrari, es reforcen amb el temps. La cronificaci\u00f3 dels problemes conductuals sol venir acompanyada d&#039;un augment de l&#039;estr\u00e8s, una reactivitat m\u00e9s gran i, en molts casos, una escalada que pot incloure agressivitat, por profunda o ansietat severa.<\/p>\n<p style=\"text-align: justify;\" data-start=\"4029\" data-end=\"4562\">Quan un tutor retarda la decisi\u00f3 d&#039;iniciar la <strong data-start=\"4079\" data-end=\"4131\">modificaci\u00f3 de conducta canina<\/strong>, el gos pot desenvolupar associacions negatives de m\u00e9s en m\u00e9s fortes. Per exemple, un gos que borda ocasionalment altres gossos pot, amb el temps, convertir-se en un gos reactiu que no tolera la pres\u00e8ncia d&#039;altres animals al carrer. Passa el mateix amb l&#039;ansietat per separaci\u00f3: petits signes com plors lleus o inquietud poden evolucionar cap a destructivitat, vocalitzaci\u00f3 intensa i fins i tot autolesions.<\/p>\n<p style=\"text-align: justify;\" data-start=\"4564\" data-end=\"4901\">A m\u00e9s, com m\u00e9s temps porta el gos practicant una conducta problem\u00e0tica, m\u00e9s arrelada queda al sistema emocional i cognitiu. El cervell del gos apr\u00e8n per repetici\u00f3; com m\u00e9s repeteix un comportament, m\u00e9s s&#039;enforteix aquesta via neuronal. Aix\u00f2 fa que la intervenci\u00f3 sigui m\u00e9s complexa i requereixi m\u00e9s temps i paci\u00e8ncia.<\/p>\n<p style=\"text-align: justify;\" data-start=\"4903\" data-end=\"5377\">Un altre punt important \u00e9s el desgast emocional tant pel gos com per la fam\u00edlia. Els tutors que viuen amb un gos que presenta problemes de conducta perllongats solen experimentar frustraci\u00f3, estr\u00e8s i fins i tot desesperaci\u00f3. Aix\u00f2 afecta la relaci\u00f3 i pot generar tensi\u00f3 tant a la llar com a les passejades. Intervenir d&#039;hora amb <strong data-start=\"5249\" data-end=\"5301\">modificaci\u00f3 de conducta canina a Viladecavalls<\/strong> no nom\u00e9s beneficia el gos, sin\u00f3 tamb\u00e9 el benestar de tota la fam\u00edlia.<\/p>\n<p style=\"text-align: justify;\" data-start=\"5379\" data-end=\"5684\">Per acabar, la prevenci\u00f3 sempre \u00e9s m\u00e9s efectiva que la correcci\u00f3. Un gos que apr\u00e8n des del principi a gestionar les seves emocions, entendre el seu entorn i confiar en el tutor tindr\u00e0 menys probabilitats de desenvolupar problemes severs m\u00e9s endavant. La intervenci\u00f3 primerenca \u00e9s una inversi\u00f3 en futur.<\/p>\n<p data-start=\"5379\" data-end=\"5684\"><img decoding=\"async\" class=\"alignnone wp-image-2935 size-full\" src=\"https:\/\/leyendoperros.es\/wp-content\/uploads\/2025\/11\/Modificacion-de-conducta-canina-Viladecavalls.png\" alt=\"\" width=\"2000\" height=\"1414\" srcset=\"https:\/\/leyendoperros.es\/wp-content\/uploads\/2025\/11\/Modificacion-de-conducta-canina-Viladecavalls.png 2000w, https:\/\/leyendoperros.es\/wp-content\/uploads\/2025\/11\/Modificacion-de-conducta-canina-Viladecavalls-300x212.png 300w, https:\/\/leyendoperros.es\/wp-content\/uploads\/2025\/11\/Modificacion-de-conducta-canina-Viladecavalls-1024x724.png 1024w, https:\/\/leyendoperros.es\/wp-content\/uploads\/2025\/11\/Modificacion-de-conducta-canina-Viladecavalls-768x543.png 768w, https:\/\/leyendoperros.es\/wp-content\/uploads\/2025\/11\/Modificacion-de-conducta-canina-Viladecavalls-1536x1086.png 1536w, https:\/\/leyendoperros.es\/wp-content\/uploads\/2025\/11\/Modificacion-de-conducta-canina-Viladecavalls-18x12.png 18w\" sizes=\"(max-width: 2000px) 100vw, 2000px\" \/><\/p>\n<h2 style=\"text-align: justify;\" data-start=\"5691\" data-end=\"5810\">Com et pot ajudar un proc\u00e9s de Modificaci\u00f3 de conducta canina a Viladecavalls des d&#039;un enfocament respectu\u00f3s<\/h2>\n<p style=\"text-align: justify;\" data-start=\"5812\" data-end=\"6318\">La intervenci\u00f3 professional no consisteix a \u201ccorregir\u201d el gos, sin\u00f3 a comprendre qu\u00e8 li passa i construir alternatives m\u00e9s saludables. Un bon proc\u00e9s de <strong data-start=\"5969\" data-end=\"6021\">modificaci\u00f3 de conducta canina <\/strong>part d&#039;una avaluaci\u00f3 detallada: s&#039;analitzen els antecedents del gos, el dia a dia, l&#039;entorn familiar, el nivell d&#039;estimulaci\u00f3, les experi\u00e8ncies passades i els senyals emocionals que mostra. A partir d\u00b4aqu\u00ed, es dissenya un pla personalitzat adaptat a les necessitats reals de l\u00b4animal.<\/p>\n<p style=\"text-align: justify;\" data-start=\"6320\" data-end=\"6673\">Aquest tipus dintervenci\u00f3 utilitza eines basades en etologia, refor\u00e7 positiu, gesti\u00f3 emocional i aprenentatge respectu\u00f3s. No s&#039;apliquen c\u00e0stigs, collarets nocius ni m\u00e8todes que generin por. L&#039;objectiu \u00e9s ajudar el gos a recuperar l&#039;equilibri emocional, reduir-ne l&#039;estr\u00e8s i aprendre formes m\u00e9s adequades de relacionar-se amb el seu entorn.<\/p>\n<p style=\"text-align: justify;\" data-start=\"6675\" data-end=\"6964\">Un proc\u00e9s complet tamb\u00e9 inclou acompanyament a la fam\u00edlia: ensenyar a llegir els senyals del gos, millorar les rutines, refor\u00e7ar la comunicaci\u00f3 i prevenir recaigudes. La transformaci\u00f3 s&#039;aconsegueix quan el tutor ent\u00e9n com ajudar el gos, no quan s&#039;hi aplica una correcci\u00f3 puntual.<\/p>\n<p style=\"text-align: justify;\" data-start=\"6966\" data-end=\"7237\">Les millores solen ser visibles d&#039;aqu\u00ed a poques setmanes quan s&#039;interv\u00e9 a temps. El gos es comen\u00e7a a relaxar, l&#039;enlla\u00e7 s&#039;enforteix i la conviv\u00e8ncia es torna m\u00e9s senzilla. Cada petit progr\u00e9s suma, i limpacte en la qualitat de vida del gos i la seva fam\u00edlia \u00e9s enorme.<\/p>\n<p data-start=\"6966\" data-end=\"7237\"><img decoding=\"async\" class=\"alignnone wp-image-2934 size-full\" src=\"https:\/\/leyendoperros.es\/wp-content\/uploads\/2025\/11\/Modificacion-de-conducta-canina-Viladecavalls-4.png\" alt=\"\" width=\"2000\" height=\"1414\" srcset=\"https:\/\/leyendoperros.es\/wp-content\/uploads\/2025\/11\/Modificacion-de-conducta-canina-Viladecavalls-4.png 2000w, https:\/\/leyendoperros.es\/wp-content\/uploads\/2025\/11\/Modificacion-de-conducta-canina-Viladecavalls-4-300x212.png 300w, https:\/\/leyendoperros.es\/wp-content\/uploads\/2025\/11\/Modificacion-de-conducta-canina-Viladecavalls-4-1024x724.png 1024w, https:\/\/leyendoperros.es\/wp-content\/uploads\/2025\/11\/Modificacion-de-conducta-canina-Viladecavalls-4-768x543.png 768w, https:\/\/leyendoperros.es\/wp-content\/uploads\/2025\/11\/Modificacion-de-conducta-canina-Viladecavalls-4-1536x1086.png 1536w, https:\/\/leyendoperros.es\/wp-content\/uploads\/2025\/11\/Modificacion-de-conducta-canina-Viladecavalls-4-18x12.png 18w\" sizes=\"(max-width: 2000px) 100vw, 2000px\" \/><\/p>\n<p style=\"text-align: justify;\" data-start=\"7322\" data-end=\"7707\">La <strong>modificaci\u00f3 de conducta canina a Viladecavalls<\/strong> \u00e9s una eina fonamental per garantir el benestar emocional del gos i construir una conviv\u00e8ncia harmoniosa. Com m\u00e9s aviat es detectin els senyals i s&#039;intervingui, m\u00e9s senzill, r\u00e0pid i efectiu ser\u00e0 el proc\u00e9s. Els gossos no es \u201cporten malament\u201d; simplement expressen emocions que necessiten ser compreses i ateses.<\/p>\n<p style=\"text-align: justify;\" data-start=\"7709\" data-end=\"7931\">Si pares atenci\u00f3 als senyals, d\u00f3nes import\u00e0ncia al benestar emocional i comptes amb un acompanyament professional respectu\u00f3s, estar\u00e0s oferint al teu gos l&#039;oportunitat de viure amb equilibri, seguretat i felicitat.<\/p>","protected":false},"excerpt":{"rendered":"<p>Se\u00f1ales tempranas, prevenci\u00f3n y el impacto de intervenir a tiempo en el bienestar del perro Detectar una conducta inadecuada en un perro puede resultar confuso, especialmente cuando el tutor no sabe si lo que observa es algo pasajero, parte del desarrollo o un problema real que requiere intervenci\u00f3n profesional. La modificaci\u00f3n de conducta canina en [&hellip;]<\/p>","protected":false},"author":3,"featured_media":2932,"comment_status":"closed","ping_status":"closed","sticky":false,"template":"","format":"standard","meta":{"footnotes":""},"categories":[1],"tags":[34],"class_list":["post-2931","post","type-post","status-publish","format-standard","has-post-thumbnail","hentry","category-blog","tag-modificacion-de-conducta-canina-en-viladecavalls"],"yoast_head":"<!-- This site is optimized with the Yoast SEO plugin v24.6 - https:\/\/yoast.com\/wordpress\/plugins\/seo\/ -->\n<title>Modificaci\u00f3n de conducta canina: cu\u00e1ndo actuar para evitar que los problemas se agraven - Leyendo Perros<\/title>\n<meta name=\"description\" content=\"Descubre cu\u00e1ndo iniciar la modificaci\u00f3n de conducta canina en Viladecavalls. Aprende a detectar y prevenir problemas cr\u00f3nicos.\" \/>\n<meta name=\"robots\" content=\"index, follow, max-snippet:-1, max-image-preview:large, max-video-preview:-1\" \/>\n<link rel=\"canonical\" href=\"https:\/\/leyendoperros.es\/ca\/modificacio-de-conducta-canina-quan-actuar-per-evitar-que-els-problemes-sagreugin\/\" \/>\n<meta property=\"og:locale\" content=\"ca_ES\" \/>\n<meta property=\"og:type\" content=\"article\" \/>\n<meta property=\"og:title\" content=\"Modificaci\u00f3n de conducta canina: cu\u00e1ndo actuar para evitar que los problemas se agraven - Leyendo Perros\" \/>\n<meta property=\"og:description\" content=\"Descubre cu\u00e1ndo iniciar la modificaci\u00f3n de conducta canina en Viladecavalls. Aprende a detectar y prevenir problemas cr\u00f3nicos.\" \/>\n<meta property=\"og:url\" content=\"https:\/\/leyendoperros.es\/ca\/modificacio-de-conducta-canina-quan-actuar-per-evitar-que-els-problemes-sagreugin\/\" \/>\n<meta property=\"og:site_name\" content=\"Leyendo Perros\" \/>\n<meta property=\"article:published_time\" content=\"2025-11-06T12:33:33+00:00\" \/>\n<meta property=\"article:modified_time\" content=\"2025-11-17T12:39:04+00:00\" \/>\n<meta property=\"og:image\" content=\"https:\/\/leyendoperros.es\/wp-content\/uploads\/2025\/11\/Modificacion-de-conducta-canina-Viladecavalls-2-1024x724.png\" \/>\n\t<meta property=\"og:image:width\" content=\"1024\" \/>\n\t<meta property=\"og:image:height\" content=\"724\" \/>\n\t<meta property=\"og:image:type\" content=\"image\/png\" \/>\n<meta name=\"author\" content=\"Onlinevalles\" \/>\n<meta name=\"twitter:card\" content=\"summary_large_image\" \/>\n<meta name=\"twitter:label1\" content=\"Escrit per\" \/>\n\t<meta name=\"twitter:data1\" content=\"Onlinevalles\" \/>\n\t<meta name=\"twitter:label2\" content=\"Temps estimat de lectura\" \/>\n\t<meta name=\"twitter:data2\" content=\"6 minuts\" \/>\n<script type=\"application\/ld+json\" class=\"yoast-schema-graph\">{\"@context\":\"https:\/\/schema.org\",\"@graph\":[{\"@type\":\"WebPage\",\"@id\":\"https:\/\/leyendoperros.es\/modificacion-de-conducta-canina-cuando-actuar-para-evitar-que-los-problemas-se-agraven\/\",\"url\":\"https:\/\/leyendoperros.es\/modificacion-de-conducta-canina-cuando-actuar-para-evitar-que-los-problemas-se-agraven\/\",\"name\":\"Modificaci\u00f3n de conducta canina: cu\u00e1ndo actuar para evitar que los problemas se agraven - Leyendo Perros\",\"isPartOf\":{\"@id\":\"https:\/\/leyendoperros.es\/#website\"},\"primaryImageOfPage\":{\"@id\":\"https:\/\/leyendoperros.es\/modificacion-de-conducta-canina-cuando-actuar-para-evitar-que-los-problemas-se-agraven\/#primaryimage\"},\"image\":{\"@id\":\"https:\/\/leyendoperros.es\/modificacion-de-conducta-canina-cuando-actuar-para-evitar-que-los-problemas-se-agraven\/#primaryimage\"},\"thumbnailUrl\":\"https:\/\/leyendoperros.es\/wp-content\/uploads\/2025\/11\/Modificacion-de-conducta-canina-Viladecavalls-2.png\",\"datePublished\":\"2025-11-06T12:33:33+00:00\",\"dateModified\":\"2025-11-17T12:39:04+00:00\",\"author\":{\"@id\":\"https:\/\/leyendoperros.es\/#\/schema\/person\/50aa82e5f227eadddb3686b253b14268\"},\"description\":\"Descubre cu\u00e1ndo iniciar la modificaci\u00f3n de conducta canina en Viladecavalls. Aprende a detectar y prevenir problemas cr\u00f3nicos.\",\"breadcrumb\":{\"@id\":\"https:\/\/leyendoperros.es\/modificacion-de-conducta-canina-cuando-actuar-para-evitar-que-los-problemas-se-agraven\/#breadcrumb\"},\"inLanguage\":\"ca\",\"potentialAction\":[{\"@type\":\"ReadAction\",\"target\":[\"https:\/\/leyendoperros.es\/modificacion-de-conducta-canina-cuando-actuar-para-evitar-que-los-problemas-se-agraven\/\"]}]},{\"@type\":\"ImageObject\",\"inLanguage\":\"ca\",\"@id\":\"https:\/\/leyendoperros.es\/modificacion-de-conducta-canina-cuando-actuar-para-evitar-que-los-problemas-se-agraven\/#primaryimage\",\"url\":\"https:\/\/leyendoperros.es\/wp-content\/uploads\/2025\/11\/Modificacion-de-conducta-canina-Viladecavalls-2.png\",\"contentUrl\":\"https:\/\/leyendoperros.es\/wp-content\/uploads\/2025\/11\/Modificacion-de-conducta-canina-Viladecavalls-2.png\",\"width\":2000,\"height\":1414},{\"@type\":\"BreadcrumbList\",\"@id\":\"https:\/\/leyendoperros.es\/modificacion-de-conducta-canina-cuando-actuar-para-evitar-que-los-problemas-se-agraven\/#breadcrumb\",\"itemListElement\":[{\"@type\":\"ListItem\",\"position\":1,\"name\":\"Portada\",\"item\":\"https:\/\/leyendoperros.es\/\"},{\"@type\":\"ListItem\",\"position\":2,\"name\":\"Modificaci\u00f3n de conducta canina: cu\u00e1ndo actuar para evitar que los problemas se agraven\"}]},{\"@type\":\"WebSite\",\"@id\":\"https:\/\/leyendoperros.es\/#website\",\"url\":\"https:\/\/leyendoperros.es\/\",\"name\":\"Leyendo Perros\",\"description\":\"\",\"potentialAction\":[{\"@type\":\"SearchAction\",\"target\":{\"@type\":\"EntryPoint\",\"urlTemplate\":\"https:\/\/leyendoperros.es\/?s={search_term_string}\"},\"query-input\":{\"@type\":\"PropertyValueSpecification\",\"valueRequired\":true,\"valueName\":\"search_term_string\"}}],\"inLanguage\":\"ca\"},{\"@type\":\"Person\",\"@id\":\"https:\/\/leyendoperros.es\/#\/schema\/person\/50aa82e5f227eadddb3686b253b14268\",\"name\":\"Onlinevalles\",\"url\":\"https:\/\/leyendoperros.es\/ca\/author\/onlinevalles\/\"}]}<\/script>\n<!-- \/ Yoast SEO plugin. -->","yoast_head_json":{"title":"Modificaci\u00f3n de conducta canina: cu\u00e1ndo actuar para evitar que los problemas se agraven - Leyendo Perros","description":"Descubre cu\u00e1ndo iniciar la modificaci\u00f3n de conducta canina en Viladecavalls. Aprende a detectar y prevenir problemas cr\u00f3nicos.","robots":{"index":"index","follow":"follow","max-snippet":"max-snippet:-1","max-image-preview":"max-image-preview:large","max-video-preview":"max-video-preview:-1"},"canonical":"https:\/\/leyendoperros.es\/ca\/modificacio-de-conducta-canina-quan-actuar-per-evitar-que-els-problemes-sagreugin\/","og_locale":"ca_ES","og_type":"article","og_title":"Modificaci\u00f3n de conducta canina: cu\u00e1ndo actuar para evitar que los problemas se agraven - Leyendo Perros","og_description":"Descubre cu\u00e1ndo iniciar la modificaci\u00f3n de conducta canina en Viladecavalls. Aprende a detectar y prevenir problemas cr\u00f3nicos.","og_url":"https:\/\/leyendoperros.es\/ca\/modificacio-de-conducta-canina-quan-actuar-per-evitar-que-els-problemes-sagreugin\/","og_site_name":"Leyendo Perros","article_published_time":"2025-11-06T12:33:33+00:00","article_modified_time":"2025-11-17T12:39:04+00:00","og_image":[{"width":1024,"height":724,"url":"https:\/\/leyendoperros.es\/wp-content\/uploads\/2025\/11\/Modificacion-de-conducta-canina-Viladecavalls-2-1024x724.png","type":"image\/png"}],"author":"Onlinevalles","twitter_card":"summary_large_image","twitter_misc":{"Escrit per":"Onlinevalles","Temps estimat de lectura":"6 minuts"},"schema":{"@context":"https:\/\/schema.org","@graph":[{"@type":"WebPage","@id":"https:\/\/leyendoperros.es\/modificacion-de-conducta-canina-cuando-actuar-para-evitar-que-los-problemas-se-agraven\/","url":"https:\/\/leyendoperros.es\/modificacion-de-conducta-canina-cuando-actuar-para-evitar-que-los-problemas-se-agraven\/","name":"Modificaci\u00f3n de conducta canina: cu\u00e1ndo actuar para evitar que los problemas se agraven - Leyendo Perros","isPartOf":{"@id":"https:\/\/leyendoperros.es\/#website"},"primaryImageOfPage":{"@id":"https:\/\/leyendoperros.es\/modificacion-de-conducta-canina-cuando-actuar-para-evitar-que-los-problemas-se-agraven\/#primaryimage"},"image":{"@id":"https:\/\/leyendoperros.es\/modificacion-de-conducta-canina-cuando-actuar-para-evitar-que-los-problemas-se-agraven\/#primaryimage"},"thumbnailUrl":"https:\/\/leyendoperros.es\/wp-content\/uploads\/2025\/11\/Modificacion-de-conducta-canina-Viladecavalls-2.png","datePublished":"2025-11-06T12:33:33+00:00","dateModified":"2025-11-17T12:39:04+00:00","author":{"@id":"https:\/\/leyendoperros.es\/#\/schema\/person\/50aa82e5f227eadddb3686b253b14268"},"description":"Descubre cu\u00e1ndo iniciar la modificaci\u00f3n de conducta canina en Viladecavalls. Aprende a detectar y prevenir problemas cr\u00f3nicos.","breadcrumb":{"@id":"https:\/\/leyendoperros.es\/modificacion-de-conducta-canina-cuando-actuar-para-evitar-que-los-problemas-se-agraven\/#breadcrumb"},"inLanguage":"ca","potentialAction":[{"@type":"ReadAction","target":["https:\/\/leyendoperros.es\/modificacion-de-conducta-canina-cuando-actuar-para-evitar-que-los-problemas-se-agraven\/"]}]},{"@type":"ImageObject","inLanguage":"ca","@id":"https:\/\/leyendoperros.es\/modificacion-de-conducta-canina-cuando-actuar-para-evitar-que-los-problemas-se-agraven\/#primaryimage","url":"https:\/\/leyendoperros.es\/wp-content\/uploads\/2025\/11\/Modificacion-de-conducta-canina-Viladecavalls-2.png","contentUrl":"https:\/\/leyendoperros.es\/wp-content\/uploads\/2025\/11\/Modificacion-de-conducta-canina-Viladecavalls-2.png","width":2000,"height":1414},{"@type":"BreadcrumbList","@id":"https:\/\/leyendoperros.es\/modificacion-de-conducta-canina-cuando-actuar-para-evitar-que-los-problemas-se-agraven\/#breadcrumb","itemListElement":[{"@type":"ListItem","position":1,"name":"Portada","item":"https:\/\/leyendoperros.es\/"},{"@type":"ListItem","position":2,"name":"Modificaci\u00f3n de conducta canina: cu\u00e1ndo actuar para evitar que los problemas se agraven"}]},{"@type":"WebSite","@id":"https:\/\/leyendoperros.es\/#website","url":"https:\/\/leyendoperros.es\/","name":"Leyendo Perros","description":"","potentialAction":[{"@type":"SearchAction","target":{"@type":"EntryPoint","urlTemplate":"https:\/\/leyendoperros.es\/?s={search_term_string}"},"query-input":{"@type":"PropertyValueSpecification","valueRequired":true,"valueName":"search_term_string"}}],"inLanguage":"ca"},{"@type":"Person","@id":"https:\/\/leyendoperros.es\/#\/schema\/person\/50aa82e5f227eadddb3686b253b14268","name":"Onlinevalles","url":"https:\/\/leyendoperros.es\/ca\/author\/onlinevalles\/"}]}},"_links":{"self":[{"href":"https:\/\/leyendoperros.es\/ca\/wp-json\/wp\/v2\/posts\/2931","targetHints":{"allow":["GET"]}}],"collection":[{"href":"https:\/\/leyendoperros.es\/ca\/wp-json\/wp\/v2\/posts"}],"about":[{"href":"https:\/\/leyendoperros.es\/ca\/wp-json\/wp\/v2\/types\/post"}],"author":[{"embeddable":true,"href":"https:\/\/leyendoperros.es\/ca\/wp-json\/wp\/v2\/users\/3"}],"replies":[{"embeddable":true,"href":"https:\/\/leyendoperros.es\/ca\/wp-json\/wp\/v2\/comments?post=2931"}],"version-history":[{"count":1,"href":"https:\/\/leyendoperros.es\/ca\/wp-json\/wp\/v2\/posts\/2931\/revisions"}],"predecessor-version":[{"id":2936,"href":"https:\/\/leyendoperros.es\/ca\/wp-json\/wp\/v2\/posts\/2931\/revisions\/2936"}],"wp:featuredmedia":[{"embeddable":true,"href":"https:\/\/leyendoperros.es\/ca\/wp-json\/wp\/v2\/media\/2932"}],"wp:attachment":[{"href":"https:\/\/leyendoperros.es\/ca\/wp-json\/wp\/v2\/media?parent=2931"}],"wp:term":[{"taxonomy":"category","embeddable":true,"href":"https:\/\/leyendoperros.es\/ca\/wp-json\/wp\/v2\/categories?post=2931"},{"taxonomy":"post_tag","embeddable":true,"href":"https:\/\/leyendoperros.es\/ca\/wp-json\/wp\/v2\/tags?post=2931"}],"curies":[{"name":"wp","href":"https:\/\/api.w.org\/{rel}","templated":true}]}}