{"id":2937,"date":"2025-11-26T13:39:16","date_gmt":"2025-11-26T12:39:16","guid":{"rendered":"https:\/\/leyendoperros.es\/?p=2937"},"modified":"2025-11-17T13:46:05","modified_gmt":"2025-11-17T12:46:05","slug":"que-factores-alteran-el-comportamiento-canino-en-viladecavalls","status":"publish","type":"post","link":"https:\/\/leyendoperros.es\/ca\/quins-factors-alteren-el-comportament-cani-a-viladecavalls\/","title":{"rendered":"Quins factors alteren el comportament can\u00ed a Viladecavalls?"},"content":{"rendered":"<h2 data-start=\"259\" data-end=\"365\">Com influeixen l&#039;entorn, el clima i els est\u00edmuls urbans en les emocions i les reaccions dels gossos<\/h2>\n<p style=\"text-align: justify;\" data-start=\"367\" data-end=\"1189\">El <a href=\"https:\/\/leyendoperros.es\/ca\/ensinistrament-de-cadells-a-barcelona\/\"><strong data-start=\"370\" data-end=\"412\">comportament can\u00ed a Viladecavalls<\/strong><\/a> no \u00e9s una cosa fixa ni est\u00e0tica; est\u00e0 en adaptaci\u00f3 constant a l&#039;entorn, als est\u00edmuls ia les experi\u00e8ncies que viu cada gos. Tot i que solem pensar que les conductes problem\u00e0tiques tenen l&#039;origen \u00fanicament en l&#039;educaci\u00f3 o en la gen\u00e8tica, la realitat \u00e9s molt m\u00e9s complexa: l&#039;ambient en qu\u00e8 viu el gos, els canvis recents a la vida, les condicions clim\u00e0tiques o fins i tot el soroll diari poden modificar completament el seu estat emocional. Comprendre aquests factors permet actuar de manera m\u00e9s emp\u00e0tica, prevenir conflictes i oferir al gos un entorn molt m\u00e9s saludable.<br \/>\nEn aquest article explorem com influeixen el clima, els sorolls, la vida urbana i les variacions a la rutina en el comportament can\u00ed, i per qu\u00e8 \u00e9s essencial saber detectar-ho a temps.<\/p>\n<p data-start=\"367\" data-end=\"1189\"><img fetchpriority=\"high\" decoding=\"async\" class=\"alignnone wp-image-2940 size-full\" src=\"https:\/\/leyendoperros.es\/wp-content\/uploads\/2025\/11\/Comportamiento-canino-Viladecavalls-4.png\" alt=\"\" width=\"2000\" height=\"1414\" srcset=\"https:\/\/leyendoperros.es\/wp-content\/uploads\/2025\/11\/Comportamiento-canino-Viladecavalls-4.png 2000w, https:\/\/leyendoperros.es\/wp-content\/uploads\/2025\/11\/Comportamiento-canino-Viladecavalls-4-300x212.png 300w, https:\/\/leyendoperros.es\/wp-content\/uploads\/2025\/11\/Comportamiento-canino-Viladecavalls-4-1024x724.png 1024w, https:\/\/leyendoperros.es\/wp-content\/uploads\/2025\/11\/Comportamiento-canino-Viladecavalls-4-768x543.png 768w, https:\/\/leyendoperros.es\/wp-content\/uploads\/2025\/11\/Comportamiento-canino-Viladecavalls-4-1536x1086.png 1536w, https:\/\/leyendoperros.es\/wp-content\/uploads\/2025\/11\/Comportamiento-canino-Viladecavalls-4-18x12.png 18w\" sizes=\"(max-width: 2000px) 100vw, 2000px\" \/><\/p>\n<h2 data-start=\"1196\" data-end=\"1278\"><strong data-start=\"1199\" data-end=\"1278\">Com influeix l&#039;entorn f\u00edsic en el comportament can\u00ed a Viladecavalls<\/strong><\/h2>\n<p style=\"text-align: justify;\" data-start=\"1280\" data-end=\"1659\">L&#039;entorn \u00e9s un dels elements m\u00e9s determinants al <strong data-start=\"1339\" data-end=\"1381\">comportament can\u00ed a Viladecavalls<\/strong>, especialment quan el gos conviu amb est\u00edmuls que no compr\u00e8n o que no pot gestionar adequadament. Un canvi de casa, l?arribada d?un nou membre a la fam\u00edlia, les obres properes o fins i tot una mudan\u00e7a poden generar inseguretat, estr\u00e8s i reaccions inesperades.<\/p>\n<p style=\"text-align: justify;\" data-start=\"1661\" data-end=\"2098\">Els gossos s\u00f3n animals altament sensibles als canvis f\u00edsics i sensorials, fins i tot quan aquests canvis semblen petits per a nosaltres. Una nova olor a casa, un moble que es mou o un espai desconegut pot despertar conductes com hipervigil\u00e0ncia, lladrucs o problemes per relaxar-se. Aix\u00f2 passa perqu\u00e8 el gos interpreta aquests canvis com a senyals que ha d&#039;analitzar i comprendre abans de sentir-se novament segur. A m\u00e9s, l&#039;ambient de la llar influeix directament a la seva estabilitat emocional. Espais massa sorollosos, din\u00e0mics o sense zones de descans tranquil\u00b7les poden generar tensi\u00f3 acumulada. Quan aquesta tensi\u00f3 no s&#039;allibera adequadament, es pot transformar en reactivitat, frustraci\u00f3 o comportaments que els tutors interpreten com a desobedi\u00e8ncia. Entendre el paper que juga l&#039;entorn \u00e9s fonamental per millorar el <strong data-start=\"2519\" data-end=\"2561\">comportament can\u00ed<\/strong>, ja que molts problemes conductuals es resolen o redueixen significativament nom\u00e9s ajustant alguns elements de l&#039;ambient.<\/p>\n<h3 data-start=\"2697\" data-end=\"2768\">L&#039;impacte del clima i les estacions a les emocions del gos<\/h3>\n<p style=\"text-align: justify;\" data-start=\"2770\" data-end=\"3353\">El clima tamb\u00e9 t\u00e9 un paper important en el comportament del gos. Tot i que moltes persones no ho consideren, la temperatura, la humitat i els canvis estacionals poden influir a l&#039;estat emocional i f\u00edsic de l&#039;animal. Per exemple, l&#039;exc\u00e9s de calor pot augmentar la irritabilitat o provocar cansament extrem, cosa que porta el gos a reaccionar amb menys paci\u00e8ncia davant d&#039;est\u00edmuls quotidians. El fred, per altra banda, pot generar incomoditat, rigidesa muscular o fins i tot dolor en gossos sensibles, cosa que afecta directament la seva toler\u00e0ncia a les situacions di\u00e0ries.<\/p>\n<p style=\"text-align: justify;\" data-start=\"3355\" data-end=\"3734\">Les tempestes, els canvis bruscos de pressi\u00f3 i el vent fort s\u00f3n altres factors que alteren el <strong data-start=\"3454\" data-end=\"3496\">comportament can\u00ed a Viladecavalls<\/strong>. Molts gossos mostren inquietud, busquen refugi o desenvolupen ansietat temporal quan el clima es torna inestable. Aix\u00f2 \u00e9s degut a que perceben els canvis atmosf\u00e8rics abans que passin, i els interpreten com a senyals d&#039;alerta.<\/p>\n<p style=\"text-align: justify;\" data-start=\"3736\" data-end=\"4134\">El clima tamb\u00e9 pot afectar la qualitat del somni del gos. Dies especialment calorosos o nits fredes poden fer que descansi pitjor, i un gos cansat sol mostrar m\u00e9s reactivitat, impaci\u00e8ncia o dificultat per atendre senyals de calma. En aquests casos, la soluci\u00f3 no \u00e9s corregir el comportament, sin\u00f3 ajustar les condicions ambientals perqu\u00e8 el gos es pugui regular correctament.<\/p>\n<p data-start=\"3736\" data-end=\"4134\"><img decoding=\"async\" class=\"alignnone wp-image-2939 size-full\" src=\"https:\/\/leyendoperros.es\/wp-content\/uploads\/2025\/11\/Comportamiento-canino-Viladecavalls-3.png\" alt=\"\" width=\"2000\" height=\"1414\" srcset=\"https:\/\/leyendoperros.es\/wp-content\/uploads\/2025\/11\/Comportamiento-canino-Viladecavalls-3.png 2000w, https:\/\/leyendoperros.es\/wp-content\/uploads\/2025\/11\/Comportamiento-canino-Viladecavalls-3-300x212.png 300w, https:\/\/leyendoperros.es\/wp-content\/uploads\/2025\/11\/Comportamiento-canino-Viladecavalls-3-1024x724.png 1024w, https:\/\/leyendoperros.es\/wp-content\/uploads\/2025\/11\/Comportamiento-canino-Viladecavalls-3-768x543.png 768w, https:\/\/leyendoperros.es\/wp-content\/uploads\/2025\/11\/Comportamiento-canino-Viladecavalls-3-1536x1086.png 1536w, https:\/\/leyendoperros.es\/wp-content\/uploads\/2025\/11\/Comportamiento-canino-Viladecavalls-3-18x12.png 18w\" sizes=\"(max-width: 2000px) 100vw, 2000px\" \/><\/p>\n<h3 data-start=\"4141\" data-end=\"4230\">Soroll, tr\u00e0nsit i vida urbana: com els est\u00edmuls de la ciutat afecten els gossos<\/h3>\n<p style=\"text-align: justify;\" data-start=\"4232\" data-end=\"4713\">Els est\u00edmuls urbans s\u00f3n un dels factors m\u00e9s influents en el <strong data-start=\"4300\" data-end=\"4342\">comportament can\u00ed<\/strong>, especialment en gossos que no han estat socialitzats adequadament o que tenen una sensibilitat m\u00e9s alta als sorolls. A la vida quotidiana, els gossos estan exposats a sons inesperats com motos accelerant, cotxes que frenen bruscament, alarmes, petards o veus fortes al carrer. Tots aquests est\u00edmuls poden generar estr\u00e8s acumulat, reactivitat o por.<\/p>\n<p style=\"text-align: justify;\" data-start=\"4715\" data-end=\"5198\">A m\u00e9s, les passejades urbanes presenten reptes addicionals: voreres estretes, creus amb tr\u00e0nsit intens, pres\u00e8ncia d&#039;altres gossos, persones que s&#039;acosten sense demanar perm\u00eds o bicicletes que passen a gran velocitat. Quan un gos no pot gestionar aquests elements, comen\u00e7a a reaccionar de manera que el seu tutor interpreta com a mala conducta: estrebades de corretja, lladrucs, bloqueig o intents de fugida. Per\u00f2 el que realment passa \u00e9s que el gos est\u00e0 desbordat emocionalment.<\/p>\n<p style=\"text-align: justify;\" data-start=\"5200\" data-end=\"5712\">En entorns urbans, no nom\u00e9s els sorolls afecten el gos. Les olors, la quantitat d?est\u00edmuls visuals i el ritme accelerat del carrer fan que alguns gossos entrin en un estat d?alerta permanent. Un passeig que hauria de ser relaxant es pot convertir en una experi\u00e8ncia esgotadora. Per aix\u00f2 \u00e9s fonamental adaptar les passejades a la sensibilitat del gos, oferir descansos olfactius i evitar zones especialment carregades d&#039;est\u00edmuls quan es treballa en millorar el <strong data-start=\"5669\" data-end=\"5711\">comportament can\u00ed a Viladecavalls<\/strong>.<\/p>\n<h2 data-start=\"5719\" data-end=\"5792\">Canvis de rutina i el seu efecte a l&#039;equilibri emocional del gos<\/h2>\n<p style=\"text-align: justify;\" data-start=\"5794\" data-end=\"6204\">Els gossos s\u00f3n animals que depenen de la predictibilitat per sentir-se segurs. Quan la seva rutina canvia, fins i tot en detalls petits, el seu equilibri emocional es pot veure afectat. Canviar l&#039;horari de les passejades, modificar la quantitat d&#039;exercici diari, introduir noves activitats o deixar el gos nom\u00e9s durant m\u00e9s temps pot generar nerviosisme, ansietat o comportaments inesperats.<\/p>\n<p style=\"text-align: justify;\" data-start=\"6206\" data-end=\"6609\">Fins i tot canvis positius \u2014com tenir m\u00e9s activitat o rebre noves visites a casa\u2014 poden resultar desestabilitzadors si arriben de manera abrupta. Els gossos necessiten temps per processar i adaptar-se. Quan un tutor observa canvis al <strong data-start=\"6448\" data-end=\"6490\">comportament can\u00ed<\/strong>, una de les primeres preguntes que cal fer \u00e9s: \u201c\u00bfHa canviat alguna cosa recentment al seu entorn oa la seva rutina?\u201d.<\/p>\n<p style=\"text-align: justify;\" data-start=\"6611\" data-end=\"6992\">Els canvis hormonals tamb\u00e9 poden influir, especialment en gossos joves o femelles en determinats moments del cicle. La pubertat pot desencadenar inseguretats, impulsivitat o reaccions exagerades davant d&#039;est\u00edmuls que abans no generaven problema. Entendre que aquests canvis formen part del desenvolupament ajuda a evitar c\u00e0stigs ia acompanyar el gos de manera respectuosa.<\/p>\n<p data-start=\"6611\" data-end=\"6992\"><img decoding=\"async\" class=\"alignnone wp-image-2938 size-full\" src=\"https:\/\/leyendoperros.es\/wp-content\/uploads\/2025\/11\/Comportamiento-canino-Viladecavalls-2.png\" alt=\"\" width=\"2000\" height=\"1414\" srcset=\"https:\/\/leyendoperros.es\/wp-content\/uploads\/2025\/11\/Comportamiento-canino-Viladecavalls-2.png 2000w, https:\/\/leyendoperros.es\/wp-content\/uploads\/2025\/11\/Comportamiento-canino-Viladecavalls-2-300x212.png 300w, https:\/\/leyendoperros.es\/wp-content\/uploads\/2025\/11\/Comportamiento-canino-Viladecavalls-2-1024x724.png 1024w, https:\/\/leyendoperros.es\/wp-content\/uploads\/2025\/11\/Comportamiento-canino-Viladecavalls-2-768x543.png 768w, https:\/\/leyendoperros.es\/wp-content\/uploads\/2025\/11\/Comportamiento-canino-Viladecavalls-2-1536x1086.png 1536w, https:\/\/leyendoperros.es\/wp-content\/uploads\/2025\/11\/Comportamiento-canino-Viladecavalls-2-18x12.png 18w\" sizes=\"(max-width: 2000px) 100vw, 2000px\" \/><\/p>\n<p style=\"text-align: justify;\" data-start=\"7102\" data-end=\"7468\">El <a href=\"https:\/\/leyendoperros.es\/ca\/modificacio-de-conducta-canina-quan-actuar-per-evitar-que-els-problemes-sagreugin\/\"><strong data-start=\"7105\" data-end=\"7147\">comportament can\u00ed a Viladecavalls<\/strong><\/a> est\u00e0 profundament influ\u00eft per l&#039;entorn, el clima, els est\u00edmuls urbans i els canvis a la rutina. Identificar aquests factors i entendre com afecten el gos \u00e9s el primer pas per intervenir de manera efectiva i respectuosa. No es tracta de corregir conductes a\u00efllades, sin\u00f3 de comprendre qu\u00e8 les provoca.<\/p>\n<p style=\"text-align: justify;\" data-start=\"7470\" data-end=\"7885\">Quan s\u201fanalitza el context i s\u201fadapta l\u201fentorn a les necessitats del gos, les conductes problem\u00e0tiques solen disminuir de forma natural. Acompanyar el gos des de l&#039;empatia, ajustar les rutines i oferir seguretat emocional \u00e9s la base per a una conviv\u00e8ncia equilibrada. Observar, comprendre i actuar abans que els problemes s&#039;agreugin \u00e9s la millor manera de construir-hi una relaci\u00f3 sana i positiva.<\/p>","protected":false},"excerpt":{"rendered":"<p>C\u00f3mo influyen el entorno, el clima y los est\u00edmulos urbanos en las emociones y reacciones de los perros El comportamiento canino en Viladecavalls no es algo fijo ni est\u00e1tico; est\u00e1 en constante adaptaci\u00f3n al entorno, a los est\u00edmulos y a las experiencias que vive cada perro. Aunque solemos pensar que las conductas problem\u00e1ticas tienen su [&hellip;]<\/p>","protected":false},"author":3,"featured_media":2941,"comment_status":"closed","ping_status":"closed","sticky":false,"template":"","format":"standard","meta":{"footnotes":""},"categories":[1],"tags":[35],"class_list":["post-2937","post","type-post","status-publish","format-standard","has-post-thumbnail","hentry","category-blog","tag-comportamiento-canino-viladecavalls"],"yoast_head":"<!-- This site is optimized with the Yoast SEO plugin v24.6 - https:\/\/yoast.com\/wordpress\/plugins\/seo\/ -->\n<title>\u00bfQu\u00e9 factores alteran el comportamiento canino en Viladecavalls? - Leyendo Perros<\/title>\n<meta name=\"description\" content=\"Descubre c\u00f3mo el entorno, el clima y la ciudad afectan al comportamiento canino en Viladecavalls y qu\u00e9 hacer para mejorar su bienestar.\" \/>\n<meta name=\"robots\" content=\"index, follow, max-snippet:-1, max-image-preview:large, max-video-preview:-1\" \/>\n<link rel=\"canonical\" href=\"https:\/\/leyendoperros.es\/ca\/quins-factors-alteren-el-comportament-cani-a-viladecavalls\/\" \/>\n<meta property=\"og:locale\" content=\"ca_ES\" \/>\n<meta property=\"og:type\" content=\"article\" \/>\n<meta property=\"og:title\" content=\"\u00bfQu\u00e9 factores alteran el comportamiento canino en Viladecavalls? - Leyendo Perros\" \/>\n<meta property=\"og:description\" content=\"Descubre c\u00f3mo el entorno, el clima y la ciudad afectan al comportamiento canino en Viladecavalls y qu\u00e9 hacer para mejorar su bienestar.\" \/>\n<meta property=\"og:url\" content=\"https:\/\/leyendoperros.es\/ca\/quins-factors-alteren-el-comportament-cani-a-viladecavalls\/\" \/>\n<meta property=\"og:site_name\" content=\"Leyendo Perros\" \/>\n<meta property=\"article:published_time\" content=\"2025-11-26T12:39:16+00:00\" \/>\n<meta property=\"og:image\" content=\"https:\/\/leyendoperros.es\/wp-content\/uploads\/2025\/11\/Comportamiento-canino-Viladecavalls-1024x724.png\" \/>\n\t<meta property=\"og:image:width\" content=\"1024\" \/>\n\t<meta property=\"og:image:height\" content=\"724\" \/>\n\t<meta property=\"og:image:type\" content=\"image\/png\" \/>\n<meta name=\"author\" content=\"Onlinevalles\" \/>\n<meta name=\"twitter:card\" content=\"summary_large_image\" \/>\n<meta name=\"twitter:label1\" content=\"Escrit per\" \/>\n\t<meta name=\"twitter:data1\" content=\"Onlinevalles\" \/>\n\t<meta name=\"twitter:label2\" content=\"Temps estimat de lectura\" \/>\n\t<meta name=\"twitter:data2\" content=\"6 minuts\" \/>\n<script type=\"application\/ld+json\" class=\"yoast-schema-graph\">{\"@context\":\"https:\/\/schema.org\",\"@graph\":[{\"@type\":\"WebPage\",\"@id\":\"https:\/\/leyendoperros.es\/que-factores-alteran-el-comportamiento-canino-en-viladecavalls\/\",\"url\":\"https:\/\/leyendoperros.es\/que-factores-alteran-el-comportamiento-canino-en-viladecavalls\/\",\"name\":\"\u00bfQu\u00e9 factores alteran el comportamiento canino en Viladecavalls? - Leyendo Perros\",\"isPartOf\":{\"@id\":\"https:\/\/leyendoperros.es\/#website\"},\"primaryImageOfPage\":{\"@id\":\"https:\/\/leyendoperros.es\/que-factores-alteran-el-comportamiento-canino-en-viladecavalls\/#primaryimage\"},\"image\":{\"@id\":\"https:\/\/leyendoperros.es\/que-factores-alteran-el-comportamiento-canino-en-viladecavalls\/#primaryimage\"},\"thumbnailUrl\":\"https:\/\/leyendoperros.es\/wp-content\/uploads\/2025\/11\/Comportamiento-canino-Viladecavalls.png\",\"datePublished\":\"2025-11-26T12:39:16+00:00\",\"author\":{\"@id\":\"https:\/\/leyendoperros.es\/#\/schema\/person\/50aa82e5f227eadddb3686b253b14268\"},\"description\":\"Descubre c\u00f3mo el entorno, el clima y la ciudad afectan al comportamiento canino en Viladecavalls y qu\u00e9 hacer para mejorar su bienestar.\",\"breadcrumb\":{\"@id\":\"https:\/\/leyendoperros.es\/que-factores-alteran-el-comportamiento-canino-en-viladecavalls\/#breadcrumb\"},\"inLanguage\":\"ca\",\"potentialAction\":[{\"@type\":\"ReadAction\",\"target\":[\"https:\/\/leyendoperros.es\/que-factores-alteran-el-comportamiento-canino-en-viladecavalls\/\"]}]},{\"@type\":\"ImageObject\",\"inLanguage\":\"ca\",\"@id\":\"https:\/\/leyendoperros.es\/que-factores-alteran-el-comportamiento-canino-en-viladecavalls\/#primaryimage\",\"url\":\"https:\/\/leyendoperros.es\/wp-content\/uploads\/2025\/11\/Comportamiento-canino-Viladecavalls.png\",\"contentUrl\":\"https:\/\/leyendoperros.es\/wp-content\/uploads\/2025\/11\/Comportamiento-canino-Viladecavalls.png\",\"width\":2000,\"height\":1414},{\"@type\":\"BreadcrumbList\",\"@id\":\"https:\/\/leyendoperros.es\/que-factores-alteran-el-comportamiento-canino-en-viladecavalls\/#breadcrumb\",\"itemListElement\":[{\"@type\":\"ListItem\",\"position\":1,\"name\":\"Portada\",\"item\":\"https:\/\/leyendoperros.es\/\"},{\"@type\":\"ListItem\",\"position\":2,\"name\":\"\u00bfQu\u00e9 factores alteran el comportamiento canino en Viladecavalls?\"}]},{\"@type\":\"WebSite\",\"@id\":\"https:\/\/leyendoperros.es\/#website\",\"url\":\"https:\/\/leyendoperros.es\/\",\"name\":\"Leyendo Perros\",\"description\":\"\",\"potentialAction\":[{\"@type\":\"SearchAction\",\"target\":{\"@type\":\"EntryPoint\",\"urlTemplate\":\"https:\/\/leyendoperros.es\/?s={search_term_string}\"},\"query-input\":{\"@type\":\"PropertyValueSpecification\",\"valueRequired\":true,\"valueName\":\"search_term_string\"}}],\"inLanguage\":\"ca\"},{\"@type\":\"Person\",\"@id\":\"https:\/\/leyendoperros.es\/#\/schema\/person\/50aa82e5f227eadddb3686b253b14268\",\"name\":\"Onlinevalles\",\"url\":\"https:\/\/leyendoperros.es\/ca\/author\/onlinevalles\/\"}]}<\/script>\n<!-- \/ Yoast SEO plugin. -->","yoast_head_json":{"title":"\u00bfQu\u00e9 factores alteran el comportamiento canino en Viladecavalls? - Leyendo Perros","description":"Descubre c\u00f3mo el entorno, el clima y la ciudad afectan al comportamiento canino en Viladecavalls y qu\u00e9 hacer para mejorar su bienestar.","robots":{"index":"index","follow":"follow","max-snippet":"max-snippet:-1","max-image-preview":"max-image-preview:large","max-video-preview":"max-video-preview:-1"},"canonical":"https:\/\/leyendoperros.es\/ca\/quins-factors-alteren-el-comportament-cani-a-viladecavalls\/","og_locale":"ca_ES","og_type":"article","og_title":"\u00bfQu\u00e9 factores alteran el comportamiento canino en Viladecavalls? - Leyendo Perros","og_description":"Descubre c\u00f3mo el entorno, el clima y la ciudad afectan al comportamiento canino en Viladecavalls y qu\u00e9 hacer para mejorar su bienestar.","og_url":"https:\/\/leyendoperros.es\/ca\/quins-factors-alteren-el-comportament-cani-a-viladecavalls\/","og_site_name":"Leyendo Perros","article_published_time":"2025-11-26T12:39:16+00:00","og_image":[{"width":1024,"height":724,"url":"https:\/\/leyendoperros.es\/wp-content\/uploads\/2025\/11\/Comportamiento-canino-Viladecavalls-1024x724.png","type":"image\/png"}],"author":"Onlinevalles","twitter_card":"summary_large_image","twitter_misc":{"Escrit per":"Onlinevalles","Temps estimat de lectura":"6 minuts"},"schema":{"@context":"https:\/\/schema.org","@graph":[{"@type":"WebPage","@id":"https:\/\/leyendoperros.es\/que-factores-alteran-el-comportamiento-canino-en-viladecavalls\/","url":"https:\/\/leyendoperros.es\/que-factores-alteran-el-comportamiento-canino-en-viladecavalls\/","name":"\u00bfQu\u00e9 factores alteran el comportamiento canino en Viladecavalls? - Leyendo Perros","isPartOf":{"@id":"https:\/\/leyendoperros.es\/#website"},"primaryImageOfPage":{"@id":"https:\/\/leyendoperros.es\/que-factores-alteran-el-comportamiento-canino-en-viladecavalls\/#primaryimage"},"image":{"@id":"https:\/\/leyendoperros.es\/que-factores-alteran-el-comportamiento-canino-en-viladecavalls\/#primaryimage"},"thumbnailUrl":"https:\/\/leyendoperros.es\/wp-content\/uploads\/2025\/11\/Comportamiento-canino-Viladecavalls.png","datePublished":"2025-11-26T12:39:16+00:00","author":{"@id":"https:\/\/leyendoperros.es\/#\/schema\/person\/50aa82e5f227eadddb3686b253b14268"},"description":"Descubre c\u00f3mo el entorno, el clima y la ciudad afectan al comportamiento canino en Viladecavalls y qu\u00e9 hacer para mejorar su bienestar.","breadcrumb":{"@id":"https:\/\/leyendoperros.es\/que-factores-alteran-el-comportamiento-canino-en-viladecavalls\/#breadcrumb"},"inLanguage":"ca","potentialAction":[{"@type":"ReadAction","target":["https:\/\/leyendoperros.es\/que-factores-alteran-el-comportamiento-canino-en-viladecavalls\/"]}]},{"@type":"ImageObject","inLanguage":"ca","@id":"https:\/\/leyendoperros.es\/que-factores-alteran-el-comportamiento-canino-en-viladecavalls\/#primaryimage","url":"https:\/\/leyendoperros.es\/wp-content\/uploads\/2025\/11\/Comportamiento-canino-Viladecavalls.png","contentUrl":"https:\/\/leyendoperros.es\/wp-content\/uploads\/2025\/11\/Comportamiento-canino-Viladecavalls.png","width":2000,"height":1414},{"@type":"BreadcrumbList","@id":"https:\/\/leyendoperros.es\/que-factores-alteran-el-comportamiento-canino-en-viladecavalls\/#breadcrumb","itemListElement":[{"@type":"ListItem","position":1,"name":"Portada","item":"https:\/\/leyendoperros.es\/"},{"@type":"ListItem","position":2,"name":"\u00bfQu\u00e9 factores alteran el comportamiento canino en Viladecavalls?"}]},{"@type":"WebSite","@id":"https:\/\/leyendoperros.es\/#website","url":"https:\/\/leyendoperros.es\/","name":"Leyendo Perros","description":"","potentialAction":[{"@type":"SearchAction","target":{"@type":"EntryPoint","urlTemplate":"https:\/\/leyendoperros.es\/?s={search_term_string}"},"query-input":{"@type":"PropertyValueSpecification","valueRequired":true,"valueName":"search_term_string"}}],"inLanguage":"ca"},{"@type":"Person","@id":"https:\/\/leyendoperros.es\/#\/schema\/person\/50aa82e5f227eadddb3686b253b14268","name":"Onlinevalles","url":"https:\/\/leyendoperros.es\/ca\/author\/onlinevalles\/"}]}},"_links":{"self":[{"href":"https:\/\/leyendoperros.es\/ca\/wp-json\/wp\/v2\/posts\/2937","targetHints":{"allow":["GET"]}}],"collection":[{"href":"https:\/\/leyendoperros.es\/ca\/wp-json\/wp\/v2\/posts"}],"about":[{"href":"https:\/\/leyendoperros.es\/ca\/wp-json\/wp\/v2\/types\/post"}],"author":[{"embeddable":true,"href":"https:\/\/leyendoperros.es\/ca\/wp-json\/wp\/v2\/users\/3"}],"replies":[{"embeddable":true,"href":"https:\/\/leyendoperros.es\/ca\/wp-json\/wp\/v2\/comments?post=2937"}],"version-history":[{"count":1,"href":"https:\/\/leyendoperros.es\/ca\/wp-json\/wp\/v2\/posts\/2937\/revisions"}],"predecessor-version":[{"id":2942,"href":"https:\/\/leyendoperros.es\/ca\/wp-json\/wp\/v2\/posts\/2937\/revisions\/2942"}],"wp:featuredmedia":[{"embeddable":true,"href":"https:\/\/leyendoperros.es\/ca\/wp-json\/wp\/v2\/media\/2941"}],"wp:attachment":[{"href":"https:\/\/leyendoperros.es\/ca\/wp-json\/wp\/v2\/media?parent=2937"}],"wp:term":[{"taxonomy":"category","embeddable":true,"href":"https:\/\/leyendoperros.es\/ca\/wp-json\/wp\/v2\/categories?post=2937"},{"taxonomy":"post_tag","embeddable":true,"href":"https:\/\/leyendoperros.es\/ca\/wp-json\/wp\/v2\/tags?post=2937"}],"curies":[{"name":"wp","href":"https:\/\/api.w.org\/{rel}","templated":true}]}}